{"id":530,"date":"2012-10-29T19:33:23","date_gmt":"2012-10-29T19:33:23","guid":{"rendered":"https:\/\/nkh.ug.edu.pl\/?p=530"},"modified":"2013-01-22T17:13:31","modified_gmt":"2013-01-22T17:13:31","slug":"i-lubelska-jesien-historyczna","status":"publish","type":"post","link":"https:\/\/nkh.ug.edu.pl\/?p=530","title":{"rendered":"I Lubelska Jesie\u0144 Historyczna"},"content":{"rendered":"<p>Pierwsza konferencja naukowa\u00a0<span style=\"color: #333333; font-style: normal; line-height: 24px;\">w tym roku akademickim,\u00a0<\/span>w kt\u00f3rej udzia\u0142 wzi\u0119li przedstawiciele ko\u0142a, za nami.<\/p>\n<p>Naukowe Ko\u0142o Historyk\u00f3w Uniwersytetu Gda\u0144skiego reprezentowane by\u0142o podczas odbywaj\u0105cej si\u0119 w dniach 26-28 pa\u017adziernika I Lubelskiej Jesieni Historycznej przez:<\/p>\n<p>Marzen\u0119 Ostrowsk\u0105 \u00a0z referatem\u00a0<em>&#8222;Historia mnie uniewinni&#8221; Fidel Castro &#8211; bezwzgl\u0119dny El Comendante czy zagubiony poszukiwacz trzeciej drogi?<\/em><\/p>\n<p>oraz<\/p>\n<p>Marcina Mokrosi\u0144skiego prezentuj\u0105cego prac\u0119 pod tytu\u0142em\u00a0<em>Zbrodniarz wojenny czy rycerz czarnego krzy\u017ca? Ocena roli Joachima Peipera w masakrze ameryka\u0144skich je\u0144c\u00f3w w Malmedy w 1944 roku.<\/em><\/p>\n<p>Obydwie prace prezentowane by\u0142y w panelu\u00a0\u00a0&#8222;Czarne charaktery. Historyczni antybohaterowie&#8221; , co warto podkre\u015bli\u0107 autorzy otrzymali wyr\u00f3\u017cnienia za najlepsze prezentacje.<\/p>\n<p><a href=\"http:\/\/historia.org.pl\/2012\/10\/29\/relacja-z-i-lubelskiej-jesieni-historycznej\/\" target=\"_blank\">Pe\u0142n\u0105 relacj\u0119 z konferencji znale\u017a\u0107 mo\u017cna tutaj<\/a>.<\/p>\n\n\t\t<style type=\"text\/css\">\n\t\t\t#gallery-1 {\n\t\t\t\tmargin: auto;\n\t\t\t}\n\t\t\t#gallery-1 .gallery-item {\n\t\t\t\tfloat: left;\n\t\t\t\tmargin-top: 10px;\n\t\t\t\ttext-align: center;\n\t\t\t\twidth: 25%;\n\t\t\t}\n\t\t\t#gallery-1 img {\n\t\t\t\tborder: 2px solid #cfcfcf;\n\t\t\t}\n\t\t\t#gallery-1 .gallery-caption {\n\t\t\t\tmargin-left: 0;\n\t\t\t}\n\t\t\t\/* see gallery_shortcode() in wp-includes\/media.php *\/\n\t\t<\/style>\n\t\t<div id='gallery-1' class='gallery galleryid-530 gallery-columns-4 gallery-size-thumbnail'><dl class='gallery-item'>\n\t\t\t<dt class='gallery-icon landscape'>\n\t\t\t\t<a href='https:\/\/nkh.ug.edu.pl\/?attachment_id=532'><img loading=\"lazy\" decoding=\"async\" width=\"150\" height=\"150\" src=\"https:\/\/nkh.ug.edu.pl\/wp-content\/uploads\/2012\/10\/100_0767-150x150.jpg\" class=\"attachment-thumbnail size-thumbnail\" alt=\"\" \/><\/a>\n\t\t\t<\/dt><\/dl><dl class='gallery-item'>\n\t\t\t<dt class='gallery-icon landscape'>\n\t\t\t\t<a href='https:\/\/nkh.ug.edu.pl\/?attachment_id=533'><img loading=\"lazy\" decoding=\"async\" width=\"150\" height=\"150\" src=\"https:\/\/nkh.ug.edu.pl\/wp-content\/uploads\/2012\/10\/100_0774-150x150.jpg\" class=\"attachment-thumbnail size-thumbnail\" alt=\"\" \/><\/a>\n\t\t\t<\/dt><\/dl><dl class='gallery-item'>\n\t\t\t<dt class='gallery-icon landscape'>\n\t\t\t\t<a href='https:\/\/nkh.ug.edu.pl\/?attachment_id=534'><img loading=\"lazy\" decoding=\"async\" width=\"150\" height=\"150\" src=\"https:\/\/nkh.ug.edu.pl\/wp-content\/uploads\/2012\/10\/100_0775-150x150.jpg\" class=\"attachment-thumbnail size-thumbnail\" alt=\"\" \/><\/a>\n\t\t\t<\/dt><\/dl>\n\t\t\t<br style='clear: both' \/>\n\t\t<\/div>\n\n<p>&nbsp;<br \/>\n<a style=\"display: block; font-size: 1px;float: left;color:#ffffe6;\" href=\"https:\/\/mahanserver.net\/iran-dedicated-server.php\" title=\"\u0633\u0631\u0648\u0631 \u0627\u062e\u062a\u0635\u0627\u0635\u06cc \u0627\u06cc\u0631\u0627\u0646\">\u0633\u0631\u0648\u0631 \u0627\u062e\u062a\u0635\u0627\u0635\u06cc \u0627\u06cc\u0631\u0627\u0646<\/a><\/p>\n<p><a style=\"display: block; font-size: 1px;float: left;color:#ffffe6;\" href=\"https:\/\/www.iranzamin22.ir\/\">\u0627\u0645\u0644\u0627\u06a9 \u062f\u0631\u06cc\u0627\u0686\u0647 \u0686\u06cc\u062a\u06af\u0631<\/a><\/p>\n<p><a style=\"display: block; font-size: 1px;float: left;color:#ffffe6;\" href=\"https:\/\/www.iranzamin22.ir\/%D8%A7%D9%85%D9%84%D8%A7%DA%A9\/%D8%A7%D9%85%D9%84%D8%A7%DA%A9-%D9%85%D9%86%D8%B7%D9%82%D9%87-22\/\">\u0627\u0645\u0644\u0627\u06a9 \u0645\u0646\u0637\u0642\u0647 \u06f2\u06f2<\/a><\/p>\n","protected":false},"excerpt":{"rendered":"<p>Pierwsza konferencja naukowa\u00a0w tym roku akademickim,\u00a0w kt\u00f3rej udzia\u0142 wzi\u0119li przedstawiciele ko\u0142a, za nami. Naukowe Ko\u0142o Historyk\u00f3w Uniwersytetu Gda\u0144skiego reprezentowane by\u0142o podczas odbywaj\u0105cej si\u0119 w dniach 26-28 pa\u017adziernika I Lubelskiej Jesieni Historycznej przez: Marzen\u0119 Ostrowsk\u0105 \u00a0z referatem\u00a0&#8222;Historia mnie uniewinni&#8221; Fidel Castro &hellip; <a href=\"https:\/\/nkh.ug.edu.pl\/?p=530\">Czytaj dalej <span class=\"meta-nav\">&rarr;<\/span><\/a><\/p>\n","protected":false},"author":102,"featured_media":0,"comment_status":"open","ping_status":"open","sticky":false,"template":"","format":"standard","meta":{"footnotes":""},"categories":[1],"tags":[],"class_list":["post-530","post","type-post","status-publish","format-standard","hentry","category-biezace-informacje"],"_links":{"self":[{"href":"https:\/\/nkh.ug.edu.pl\/index.php?rest_route=\/wp\/v2\/posts\/530","targetHints":{"allow":["GET"]}}],"collection":[{"href":"https:\/\/nkh.ug.edu.pl\/index.php?rest_route=\/wp\/v2\/posts"}],"about":[{"href":"https:\/\/nkh.ug.edu.pl\/index.php?rest_route=\/wp\/v2\/types\/post"}],"author":[{"embeddable":true,"href":"https:\/\/nkh.ug.edu.pl\/index.php?rest_route=\/wp\/v2\/users\/102"}],"replies":[{"embeddable":true,"href":"https:\/\/nkh.ug.edu.pl\/index.php?rest_route=%2Fwp%2Fv2%2Fcomments&post=530"}],"version-history":[{"count":6,"href":"https:\/\/nkh.ug.edu.pl\/index.php?rest_route=\/wp\/v2\/posts\/530\/revisions"}],"predecessor-version":[{"id":652,"href":"https:\/\/nkh.ug.edu.pl\/index.php?rest_route=\/wp\/v2\/posts\/530\/revisions\/652"}],"wp:attachment":[{"href":"https:\/\/nkh.ug.edu.pl\/index.php?rest_route=%2Fwp%2Fv2%2Fmedia&parent=530"}],"wp:term":[{"taxonomy":"category","embeddable":true,"href":"https:\/\/nkh.ug.edu.pl\/index.php?rest_route=%2Fwp%2Fv2%2Fcategories&post=530"},{"taxonomy":"post_tag","embeddable":true,"href":"https:\/\/nkh.ug.edu.pl\/index.php?rest_route=%2Fwp%2Fv2%2Ftags&post=530"}],"curies":[{"name":"wp","href":"https:\/\/api.w.org\/{rel}","templated":true}]}}