{"id":954,"date":"2013-09-28T20:07:59","date_gmt":"2013-09-28T20:07:59","guid":{"rendered":"https:\/\/nkh.ug.edu.pl\/?p=954"},"modified":"2013-09-28T20:27:11","modified_gmt":"2013-09-28T20:27:11","slug":"europejskie-forum-nowych-idei","status":"publish","type":"post","link":"https:\/\/nkh.ug.edu.pl\/?p=954","title":{"rendered":"Europejskie Forum Nowych Idei"},"content":{"rendered":"<p><img loading=\"lazy\" decoding=\"async\" class=\"size-medium wp-image-971 aligncenter\" title=\"EFNI\" src=\"https:\/\/nkh.ug.edu.pl\/wp-content\/uploads\/2013\/09\/DSCF0643-300x281.jpg\" alt=\"\" width=\"300\" height=\"281\" srcset=\"https:\/\/nkh.ug.edu.pl\/wp-content\/uploads\/2013\/09\/DSCF0643-300x281.jpg 300w, https:\/\/nkh.ug.edu.pl\/wp-content\/uploads\/2013\/09\/DSCF0643-1024x960.jpg 1024w, https:\/\/nkh.ug.edu.pl\/wp-content\/uploads\/2013\/09\/DSCF0643-319x300.jpg 319w\" sizes=\"auto, (max-width: 300px) 100vw, 300px\" \/><\/p>\n<p style=\"text-align: justify;\">Prezes Marzena Ostrowska oraz wiceprezes Marcin Mokrosi\u0144ski reprezentowali Uniwersytet Gda\u0144ski oraz nasze Ko\u0142o podczas Europejskiego Forum Nowych Idei, kt\u00f3re odby\u0142o si\u0119 w dniach 25-27 wrze\u015bnia w Sopocie. Delegaci Ko\u0142a wzi\u0119li udzia\u0142 nast\u0119puj\u0105cych debatach i panelach dyskusyjnych:<!--more--><\/p>\n<p style=\"text-align: justify;\">26 wrze\u015bnia:<\/p>\n<p style=\"text-align: justify;\">&#8211; \u201eKryzys przyw\u00f3dztwa, kryzys warto\u015bci. Gdzie si\u0119 podzia\u0142y idea\u0142y?\u201d \u2013 debata\u00a0 z udzia\u0142em \u00a0ekonomistki Henryki Bochniarz, prezesa zarz\u0105du Asseco Ponad S.A. Adama G\u00f3rala, prof. Andrzeja Ko\u017ami\u0144skiego, Metropolity Warszawskiego kardyna\u0142a Kazimierza Nycza i by\u0142ego Prezydenta RP Lecha Wa\u0142\u0119sy.<\/p>\n<p style=\"text-align: justify;\">&#8211; \u201eReindustrializacja Europy: z\u0142udzenie czy rzeczywista potrzeba?\u201d \u2013 panel dyskusyjny w kt\u00f3rym udzia\u0142 wzi\u0119li m.in. Marco Giuli \u2013 pracownik naukowy Madariaga College of Europe Foundation, prezes Phillips Lightning Poland Marek Huzarewicz, europos\u0142anka \u00a0Danuta H\u00fcbner i cz\u0142onek Europejskiego Komitetu Ekonomiczno-Spo\u0142ecznego Jonathan Peel<\/p>\n<p style=\"text-align: justify;\">27 wrze\u015bnia:<\/p>\n<p style=\"text-align: justify;\">&#8211; \u201eEuropa 60+. Starzej\u0105ce si\u0119 spo\u0142ecze\u0144stwo jako wyzwanie rozwojowe\u201d \u2013 panel dyskusyjny w kt\u00f3rym udzia\u0142 wzi\u0119li m.in. Zofia Czepulis-Rutkowska z Instytutu Pracy i Spraw Socjalnych, dyrektor regionalny Public Health England Yvonne Doyle, przewodnicz\u0105ca Polskiego Stowarzyszenia Pomocy Osobom z Chorob\u0105 Alzheimera Alicja Sadowska i przewodnicz\u0105cy organizacji AGE Platform Europe Marjan Sedmak.<\/p>\n<p style=\"text-align: justify;\">&#8211;\u00a0 \u201eZatoka dialogu. Czy Polska awansuje do\u00a0europejskiej I\u00a0ligi?\u201d Debata otwarta z udzia\u0142em europos\u0142a i by\u0142ego Premiera RP Jerzego Buzka.<\/p>\n<p style=\"text-align: justify;\">Wymienione debaty i panele dyskusyjne stworzy\u0142y mo\u017cliwo\u015b\u0107 wys\u0142uchania oraz w\u0142\u0105czenia si\u0119 do dyskursu z wybitnymi przedstawicielami \u015bwiata nauki, polityki i biznesu. Kompetentna moderacja oraz wysoki poziom merytoryczny panelist\u00f3w i zgromadzonych go\u015bci zaowocowa\u0142 niezwykle gor\u0105cymi debatami.<\/p>\n<p>&nbsp;<\/p>\n<div style=\"width: 800px; font-family: arial,sans-serif; font-size: 13px;\">\n<p><object width=\"800\" height=\"533\" classid=\"clsid:d27cdb6e-ae6d-11cf-96b8-444553540000\" codebase=\"http:\/\/download.macromedia.com\/pub\/shockwave\/cabs\/flash\/swflash.cab#version=6,0,40,0\"><param name=\"src\" value=\"https:\/\/static.googleusercontent.com\/external_content\/picasaweb.googleusercontent.com\/slideshow.swf\" \/><param name=\"flashvars\" value=\"host=picasaweb.google.com&amp;captions=1&amp;noautoplay=1&amp;hl=pl&amp;feat=flashalbum&amp;RGB=0x000000&amp;feed=https%3A%2F%2Fpicasaweb.google.com%2Fdata%2Ffeed%2Fapi%2Fuser%2F115523366658845902300%2Falbumid%2F5928757280701862273%3Falt%3Drss%26kind%3Dphoto%26hl%3Dpl\" \/><param name=\"pluginspage\" value=\"http:\/\/www.macromedia.com\/go\/getflashplayer\" \/><embed width=\"800\" height=\"533\" type=\"application\/x-shockwave-flash\" src=\"https:\/\/static.googleusercontent.com\/external_content\/picasaweb.googleusercontent.com\/slideshow.swf\" flashvars=\"host=picasaweb.google.com&amp;captions=1&amp;noautoplay=1&amp;hl=pl&amp;feat=flashalbum&amp;RGB=0x000000&amp;feed=https%3A%2F%2Fpicasaweb.google.com%2Fdata%2Ffeed%2Fapi%2Fuser%2F115523366658845902300%2Falbumid%2F5928757280701862273%3Falt%3Drss%26kind%3Dphoto%26hl%3Dpl\" pluginspage=\"http:\/\/www.macromedia.com\/go\/getflashplayer\" \/><\/object><\/p>\n<p>&nbsp;<\/p>\n<p>oficjalna strona wydarzenia: <a href=\"http:\/\/efni.pl\/\">http:\/\/efni.pl\/<\/a><\/p>\n<\/div>\n","protected":false},"excerpt":{"rendered":"<p>Prezes Marzena Ostrowska oraz wiceprezes Marcin Mokrosi\u0144ski reprezentowali Uniwersytet Gda\u0144ski oraz nasze Ko\u0142o podczas Europejskiego Forum Nowych Idei, kt\u00f3re odby\u0142o si\u0119 w dniach 25-27 wrze\u015bnia w Sopocie. Delegaci Ko\u0142a wzi\u0119li udzia\u0142 nast\u0119puj\u0105cych debatach i panelach dyskusyjnych:<\/p>\n","protected":false},"author":102,"featured_media":0,"comment_status":"closed","ping_status":"closed","sticky":false,"template":"","format":"standard","meta":{"footnotes":""},"categories":[1],"tags":[],"class_list":["post-954","post","type-post","status-publish","format-standard","hentry","category-biezace-informacje"],"_links":{"self":[{"href":"https:\/\/nkh.ug.edu.pl\/index.php?rest_route=\/wp\/v2\/posts\/954","targetHints":{"allow":["GET"]}}],"collection":[{"href":"https:\/\/nkh.ug.edu.pl\/index.php?rest_route=\/wp\/v2\/posts"}],"about":[{"href":"https:\/\/nkh.ug.edu.pl\/index.php?rest_route=\/wp\/v2\/types\/post"}],"author":[{"embeddable":true,"href":"https:\/\/nkh.ug.edu.pl\/index.php?rest_route=\/wp\/v2\/users\/102"}],"replies":[{"embeddable":true,"href":"https:\/\/nkh.ug.edu.pl\/index.php?rest_route=%2Fwp%2Fv2%2Fcomments&post=954"}],"version-history":[{"count":16,"href":"https:\/\/nkh.ug.edu.pl\/index.php?rest_route=\/wp\/v2\/posts\/954\/revisions"}],"predecessor-version":[{"id":973,"href":"https:\/\/nkh.ug.edu.pl\/index.php?rest_route=\/wp\/v2\/posts\/954\/revisions\/973"}],"wp:attachment":[{"href":"https:\/\/nkh.ug.edu.pl\/index.php?rest_route=%2Fwp%2Fv2%2Fmedia&parent=954"}],"wp:term":[{"taxonomy":"category","embeddable":true,"href":"https:\/\/nkh.ug.edu.pl\/index.php?rest_route=%2Fwp%2Fv2%2Fcategories&post=954"},{"taxonomy":"post_tag","embeddable":true,"href":"https:\/\/nkh.ug.edu.pl\/index.php?rest_route=%2Fwp%2Fv2%2Ftags&post=954"}],"curies":[{"name":"wp","href":"https:\/\/api.w.org\/{rel}","templated":true}]}}